    {"id":1748,"date":"2025-09-15T15:51:47","date_gmt":"2025-09-15T15:51:47","guid":{"rendered":"https:\/\/zapnax.com\/?p=1748"},"modified":"2025-09-15T15:51:48","modified_gmt":"2025-09-15T15:51:48","slug":"job-offer-at-aldi-see-salaries-and-how-to-apply","status":"publish","type":"post","link":"http:\/\/zapnax.com\/pt\/job-offer-at-aldi-see-salaries-and-how-to-apply\/","title":{"rendered":"Oferta de emprego na Aldi: veja os sal\u00e1rios e como se candidatar"},"content":{"rendered":"<p>Voc\u00ea j\u00e1 se perguntou como \u00e9 trabalhar para uma empresa que valoriza tanto seus funcion\u00e1rios quanto o planeta? <\/p>\n\n\n\n<p>A Aldi, reconhecida como uma das 100 empresas mais influentes de 2025 pela revista TIME, est\u00e1 redefinindo o setor de varejo de supermercados com seu foco em sustentabilidade e efici\u00eancia. <\/p>\n\n\n\n<p>Como a rede de supermercados que mais cresce nos EUA, a Aldi oferece mais do que apenas sal\u00e1rios competitivos: ela proporciona um caminho claro para o crescimento na carreira e um ambiente de trabalho acolhedor.<\/p>\n\n\n\n<div class=\"wp-block-columns is-layout-flex wp-container-core-columns-layout-1 wp-block-columns-is-layout-flex\">\n<div class=\"wp-block-column is-layout-flow wp-block-column-is-layout-flow\">        <section id=\"landing2\" class=\"p-6 mt-4 mb-4 bg-white border border-gray-300 rounded-lg shadow-lg\">\n            <div class=\"max-w-5xl mx-auto text-center\">\n                \n                            <\/div>\n\n            \n            <div class=\"grid items-center max-w-5xl grid-cols-1 gap-6 mx-auto md:grid-cols-2\">\n                                    <div class=\"flex items-stretch order-1 w-full overflow-hidden rounded md:order-1 md:h-full\">\n                        <img decoding=\"async\" src=\"http:\/\/zapnax.com\/wp-content\/uploads\/sites\/158\/2025\/09\/Design-sem-nome.jpg\" alt=\"\"\n                            class=\"object-contain object-center w-full h-auto md:h-full md:object-cover\">\n                    <\/div>\n                \n                <div class=\"flex flex-col justify-between order-2 h-full text-center md:order-2 md:text-left\">\n                    \n                                            <div class=\"flex justify-center md:justify-start\">\n                            <a href=\"https:\/\/www.apple.com\/careers\/us\/\"\n                                class=\"inline-block px-8 py-2 text-lg text-center text-white transition bg-green-700 border-0 rounded hover:bg-green-800\"\n                                >\n                                CANDIDATE-SE J\u00c1                            <\/a>\n                        <\/div>\n\n                                                            <\/div>\n            <\/div>\n\n            \n            \n                            <div class=\"grid max-w-5xl grid-cols-1 gap-4 mx-auto mt-6 md:grid-cols-2\">\n                                                                        <div class=\"flex items-center h-full p-4 bg-gray-100 rounded\">\n                                <svg xmlns=\"http:\/\/www.w3.org\/2000\/svg\" fill=\"none\" viewbox=\"0 0 24 24\" stroke-width=\"2\"\n                                    stroke=\"currentColor\" class=\"flex-shrink-0 w-6 h-6 mr-3 text-green-600\">\n                                    <path stroke-linecap=\"round\" stroke-linejoin=\"round\"\n                                        d=\"M22 11.08V12a10 10 0 11-5.93-9.14M22 4L12 14.01l-3-3\" \/>\n                                <\/svg>\n                                <span class=\"text-sm font-medium text-left text-gray-700 md:text-base\">\n                                    APLICAR                                <\/span>\n                            <\/div>\n                                                                                                <div class=\"flex items-center h-full p-4 bg-gray-100 rounded\">\n                                <svg xmlns=\"http:\/\/www.w3.org\/2000\/svg\" fill=\"none\" viewbox=\"0 0 24 24\" stroke-width=\"2\"\n                                    stroke=\"currentColor\" class=\"flex-shrink-0 w-6 h-6 mr-3 text-green-600\">\n                                    <path stroke-linecap=\"round\" stroke-linejoin=\"round\"\n                                        d=\"M22 11.08V12a10 10 0 11-5.93-9.14M22 4L12 14.01l-3-3\" \/>\n                                <\/svg>\n                                <span class=\"text-sm font-medium text-left text-gray-700 md:text-base\">\n                                    EMPREGOS R\u00c1PIDOS                                <\/span>\n                            <\/div>\n                                                                                                <div class=\"flex items-center h-full p-4 bg-gray-100 rounded\">\n                                <svg xmlns=\"http:\/\/www.w3.org\/2000\/svg\" fill=\"none\" viewbox=\"0 0 24 24\" stroke-width=\"2\"\n                                    stroke=\"currentColor\" class=\"flex-shrink-0 w-6 h-6 mr-3 text-green-600\">\n                                    <path stroke-linecap=\"round\" stroke-linejoin=\"round\"\n                                        d=\"M22 11.08V12a10 10 0 11-5.93-9.14M22 4L12 14.01l-3-3\" \/>\n                                <\/svg>\n                                <span class=\"text-sm font-medium text-left text-gray-700 md:text-base\">\n                                    OPORTUNIDADES                                <\/span>\n                            <\/div>\n                                                                                                <div class=\"flex items-center h-full p-4 bg-gray-100 rounded\">\n                                <svg xmlns=\"http:\/\/www.w3.org\/2000\/svg\" fill=\"none\" viewbox=\"0 0 24 24\" stroke-width=\"2\"\n                                    stroke=\"currentColor\" class=\"flex-shrink-0 w-6 h-6 mr-3 text-green-600\">\n                                    <path stroke-linecap=\"round\" stroke-linejoin=\"round\"\n                                        d=\"M22 11.08V12a10 10 0 11-5.93-9.14M22 4L12 14.01l-3-3\" \/>\n                                <\/svg>\n                                <span class=\"text-sm font-medium text-left text-gray-700 md:text-base\">\n                                    VAGAS                                <\/span>\n                            <\/div>\n                                                            <\/div>\n            \n                            <div class=\"flex flex-col items-center content-center mt-6 text-center flex-nowrap\">\n                    <a href=\"https:\/\/www.apple.com\/careers\/us\/\"\n                        class=\"inline-block px-8 py-2 text-lg text-center text-white transition bg-green-700 border-0 rounded hover:bg-green-800\"\n                        >\n                        CANDIDATE-SE J\u00c1                    <\/a>\n\n                                    <\/div>\n                    <\/section>\n    <\/div>\n\n\n\n<div class=\"wp-block-column is-layout-flow wp-block-column-is-layout-flow\">        <section id=\"landing2\" class=\"p-6 mt-4 mb-4 bg-white border border-gray-300 rounded-lg shadow-lg\">\n            <div class=\"max-w-5xl mx-auto text-center\">\n                \n                            <\/div>\n\n            \n            <div class=\"grid items-center max-w-5xl grid-cols-1 gap-6 mx-auto md:grid-cols-2\">\n                                    <div class=\"flex items-stretch order-1 w-full overflow-hidden rounded md:order-1 md:h-full\">\n                        <img decoding=\"async\" src=\"http:\/\/zapnax.com\/wp-content\/uploads\/sites\/158\/2025\/09\/Disney.png\" alt=\"\"\n                            class=\"object-contain object-center w-full h-auto md:h-full md:object-cover\">\n                    <\/div>\n                \n                <div class=\"flex flex-col justify-between order-2 h-full text-center md:order-2 md:text-left\">\n                    \n                                            <div class=\"flex justify-center md:justify-start\">\n                            <a href=\"https:\/\/www.disneycareers.com\/en\/search-jobs\"\n                                class=\"inline-block px-8 py-2 text-lg text-center text-white transition bg-green-700 border-0 rounded hover:bg-green-800\"\n                                >\n                                CANDIDATE-SE J\u00c1                            <\/a>\n                        <\/div>\n\n                                                            <\/div>\n            <\/div>\n\n            \n            \n                            <div class=\"grid max-w-5xl grid-cols-1 gap-4 mx-auto mt-6 md:grid-cols-2\">\n                                                                        <div class=\"flex items-center h-full p-4 bg-gray-100 rounded\">\n                                <svg xmlns=\"http:\/\/www.w3.org\/2000\/svg\" fill=\"none\" viewbox=\"0 0 24 24\" stroke-width=\"2\"\n                                    stroke=\"currentColor\" class=\"flex-shrink-0 w-6 h-6 mr-3 text-green-600\">\n                                    <path stroke-linecap=\"round\" stroke-linejoin=\"round\"\n                                        d=\"M22 11.08V12a10 10 0 11-5.93-9.14M22 4L12 14.01l-3-3\" \/>\n                                <\/svg>\n                                <span class=\"text-sm font-medium text-left text-gray-700 md:text-base\">\n                                    APLICAR                                <\/span>\n                            <\/div>\n                                                                                                <div class=\"flex items-center h-full p-4 bg-gray-100 rounded\">\n                                <svg xmlns=\"http:\/\/www.w3.org\/2000\/svg\" fill=\"none\" viewbox=\"0 0 24 24\" stroke-width=\"2\"\n                                    stroke=\"currentColor\" class=\"flex-shrink-0 w-6 h-6 mr-3 text-green-600\">\n                                    <path stroke-linecap=\"round\" stroke-linejoin=\"round\"\n                                        d=\"M22 11.08V12a10 10 0 11-5.93-9.14M22 4L12 14.01l-3-3\" \/>\n                                <\/svg>\n                                <span class=\"text-sm font-medium text-left text-gray-700 md:text-base\">\n                                    EMPREGOS R\u00c1PIDOS                                <\/span>\n                            <\/div>\n                                                                                                <div class=\"flex items-center h-full p-4 bg-gray-100 rounded\">\n                                <svg xmlns=\"http:\/\/www.w3.org\/2000\/svg\" fill=\"none\" viewbox=\"0 0 24 24\" stroke-width=\"2\"\n                                    stroke=\"currentColor\" class=\"flex-shrink-0 w-6 h-6 mr-3 text-green-600\">\n                                    <path stroke-linecap=\"round\" stroke-linejoin=\"round\"\n                                        d=\"M22 11.08V12a10 10 0 11-5.93-9.14M22 4L12 14.01l-3-3\" \/>\n                                <\/svg>\n                                <span class=\"text-sm font-medium text-left text-gray-700 md:text-base\">\n                                    OPORTUNIDADES                                <\/span>\n                            <\/div>\n                                                                                                <div class=\"flex items-center h-full p-4 bg-gray-100 rounded\">\n                                <svg xmlns=\"http:\/\/www.w3.org\/2000\/svg\" fill=\"none\" viewbox=\"0 0 24 24\" stroke-width=\"2\"\n                                    stroke=\"currentColor\" class=\"flex-shrink-0 w-6 h-6 mr-3 text-green-600\">\n                                    <path stroke-linecap=\"round\" stroke-linejoin=\"round\"\n                                        d=\"M22 11.08V12a10 10 0 11-5.93-9.14M22 4L12 14.01l-3-3\" \/>\n                                <\/svg>\n                                <span class=\"text-sm font-medium text-left text-gray-700 md:text-base\">\n                                    VAGAS                                <\/span>\n                            <\/div>\n                                                            <\/div>\n            \n                            <div class=\"flex flex-col items-center content-center mt-6 text-center flex-nowrap\">\n                    <a href=\"https:\/\/www.disneycareers.com\/en\/search-jobs\"\n                        class=\"inline-block px-8 py-2 text-lg text-center text-white transition bg-green-700 border-0 rounded hover:bg-green-800\"\n                        >\n                        CANDIDATE-SE J\u00c1                    <\/a>\n\n                                    <\/div>\n                    <\/section>\n    <\/div>\n\n\n\n<div class=\"wp-block-column is-layout-flow wp-block-column-is-layout-flow\">        <section id=\"landing2\" class=\"p-6 mt-4 mb-4 bg-white border border-gray-300 rounded-lg shadow-lg\">\n            <div class=\"max-w-5xl mx-auto text-center\">\n                \n                            <\/div>\n\n            \n            <div class=\"grid items-center max-w-5xl grid-cols-1 gap-6 mx-auto md:grid-cols-2\">\n                                    <div class=\"flex items-stretch order-1 w-full overflow-hidden rounded md:order-1 md:h-full\">\n                        <img decoding=\"async\" src=\"http:\/\/zapnax.com\/wp-content\/uploads\/sites\/158\/2025\/09\/Frito-Lay.png\" alt=\"\"\n                            class=\"object-contain object-center w-full h-auto md:h-full md:object-cover\">\n                    <\/div>\n                \n                <div class=\"flex flex-col justify-between order-2 h-full text-center md:order-2 md:text-left\">\n                    \n                                            <div class=\"flex justify-center md:justify-start\">\n                            <a href=\"https:\/\/www.fritolayemployment.com\/results?jobCategory=&#038;keyword=&#038;zipCode=&#038;radius=\"\n                                class=\"inline-block px-8 py-2 text-lg text-center text-white transition bg-green-700 border-0 rounded hover:bg-green-800\"\n                                >\n                                CANDIDATE-SE J\u00c1                            <\/a>\n                        <\/div>\n\n                                                            <\/div>\n            <\/div>\n\n            \n            \n                            <div class=\"grid max-w-5xl grid-cols-1 gap-4 mx-auto mt-6 md:grid-cols-2\">\n                                                                        <div class=\"flex items-center h-full p-4 bg-gray-100 rounded\">\n                                <svg xmlns=\"http:\/\/www.w3.org\/2000\/svg\" fill=\"none\" viewbox=\"0 0 24 24\" stroke-width=\"2\"\n                                    stroke=\"currentColor\" class=\"flex-shrink-0 w-6 h-6 mr-3 text-green-600\">\n                                    <path stroke-linecap=\"round\" stroke-linejoin=\"round\"\n                                        d=\"M22 11.08V12a10 10 0 11-5.93-9.14M22 4L12 14.01l-3-3\" \/>\n                                <\/svg>\n                                <span class=\"text-sm font-medium text-left text-gray-700 md:text-base\">\n                                    APLICAR                                <\/span>\n                            <\/div>\n                                                                                                <div class=\"flex items-center h-full p-4 bg-gray-100 rounded\">\n                                <svg xmlns=\"http:\/\/www.w3.org\/2000\/svg\" fill=\"none\" viewbox=\"0 0 24 24\" stroke-width=\"2\"\n                                    stroke=\"currentColor\" class=\"flex-shrink-0 w-6 h-6 mr-3 text-green-600\">\n                                    <path stroke-linecap=\"round\" stroke-linejoin=\"round\"\n                                        d=\"M22 11.08V12a10 10 0 11-5.93-9.14M22 4L12 14.01l-3-3\" \/>\n                                <\/svg>\n                                <span class=\"text-sm font-medium text-left text-gray-700 md:text-base\">\n                                    EMPREGOS R\u00c1PIDOS                                <\/span>\n                            <\/div>\n                                                                                                <div class=\"flex items-center h-full p-4 bg-gray-100 rounded\">\n                                <svg xmlns=\"http:\/\/www.w3.org\/2000\/svg\" fill=\"none\" viewbox=\"0 0 24 24\" stroke-width=\"2\"\n                                    stroke=\"currentColor\" class=\"flex-shrink-0 w-6 h-6 mr-3 text-green-600\">\n                                    <path stroke-linecap=\"round\" stroke-linejoin=\"round\"\n                                        d=\"M22 11.08V12a10 10 0 11-5.93-9.14M22 4L12 14.01l-3-3\" \/>\n                                <\/svg>\n                                <span class=\"text-sm font-medium text-left text-gray-700 md:text-base\">\n                                    OPORTUNIDADES                                <\/span>\n                            <\/div>\n                                                                                                <div class=\"flex items-center h-full p-4 bg-gray-100 rounded\">\n                                <svg xmlns=\"http:\/\/www.w3.org\/2000\/svg\" fill=\"none\" viewbox=\"0 0 24 24\" stroke-width=\"2\"\n                                    stroke=\"currentColor\" class=\"flex-shrink-0 w-6 h-6 mr-3 text-green-600\">\n                                    <path stroke-linecap=\"round\" stroke-linejoin=\"round\"\n                                        d=\"M22 11.08V12a10 10 0 11-5.93-9.14M22 4L12 14.01l-3-3\" \/>\n                                <\/svg>\n                                <span class=\"text-sm font-medium text-left text-gray-700 md:text-base\">\n                                    VAGAS                                <\/span>\n                            <\/div>\n                                                            <\/div>\n            \n                            <div class=\"flex flex-col items-center content-center mt-6 text-center flex-nowrap\">\n                    <a href=\"https:\/\/www.fritolayemployment.com\/results?jobCategory=&#038;keyword=&#038;zipCode=&#038;radius=\"\n                        class=\"inline-block px-8 py-2 text-lg text-center text-white transition bg-green-700 border-0 rounded hover:bg-green-800\"\n                        >\n                        CANDIDATE-SE J\u00c1                    <\/a>\n\n                                    <\/div>\n                    <\/section>\n    <\/div>\n<\/div>\n\n\n\n<p>Com a Semana Nacional de Contrata\u00e7\u00e3o se aproximando (15 a 21 de setembro), agora \u00e9 o momento perfeito para explorar as oportunidades dispon\u00edveis. <\/p>\n\n\n\n<p>Aldi&#039;s <strong>filosofia que prioriza as pessoas<\/strong> Enfatiza a gentileza, o equil\u00edbrio entre vida pessoal e profissional, o desenvolvimento profissional, a responsabilidade ambiental e a gratid\u00e3o. <\/p>\n\n\n\n<p>Se voc\u00ea est\u00e1 em busca de um novo emprego ou de um novo come\u00e7o, o processo de contrata\u00e7\u00e3o simplificado e os benef\u00edcios transparentes da Aldi a tornam uma op\u00e7\u00e3o atraente.<\/p>\n\n\n\n<h2 class=\"wp-block-heading\">Por que escolher uma carreira na Aldi?<\/h2>\n\n\n\n<p>Voc\u00ea busca um ambiente de trabalho que priorize tanto o crescimento pessoal quanto a responsabilidade ambiental? A Aldi \u00e9 o lugar certo. <strong>As pessoas impulsionam o sucesso.<\/strong> A filosofia da Aldi garante que cada membro da equipe seja valorizado e capacitado. Com foco em gentileza, gratid\u00e3o e desenvolvimento profissional, a Aldi cria um ambiente onde voc\u00ea pode prosperar.<\/p>\n\n\n\n<p>A cultura premiada da empresa se baseia em cinco pilares fundamentais: gentileza, reconhecimento, equil\u00edbrio entre vida pessoal e profissional, desenvolvimento e um ambiente de trabalho acolhedor. Esses princ\u00edpios resultaram em altas taxas de reten\u00e7\u00e3o de talentos e in\u00fameros pr\u00eamios no setor. O compromisso da Aldi com seus funcion\u00e1rios \u00e9 incompar\u00e1vel.<\/p>\n\n\n\n<p>No Aldi, voc\u00ea encontrar\u00e1 <strong>oportunidades de desenvolvimento<\/strong> que ajudam voc\u00ea a crescer. Desde treinamentos de lideran\u00e7a at\u00e9 programas de desenvolvimento de habilidades, a empresa investe no seu futuro. Muitos funcion\u00e1rios ascenderam de cargos de n\u00edvel inicial a posi\u00e7\u00f5es de ger\u00eancia, demonstrando a dedica\u00e7\u00e3o da Aldi ao desenvolvimento de carreira.<\/p>\n\n\n\n<p>A sustentabilidade \u00e9 outro pilar fundamental da miss\u00e3o da Aldi. Ao se juntar \u00e0 equipe, voc\u00ea contribuir\u00e1 para pr\u00e1ticas ecologicamente corretas que fazem a diferen\u00e7a. Seja reduzindo o desperd\u00edcio ou promovendo a efici\u00eancia energ\u00e9tica, seu trabalho ter\u00e1 um impacto positivo.<\/p>\n\n\n\n<p>Op\u00e7\u00f5es de hor\u00e1rios flex\u00edveis est\u00e3o dispon\u00edveis tanto para vagas de tempo integral quanto de meio per\u00edodo, garantindo um ambiente de trabalho saud\u00e1vel. <strong>equil\u00edbrio entre vida profissional e pessoal<\/strong>A Aldi entende que sua vida pessoal \u00e9 t\u00e3o importante quanto sua vida profissional.<\/p>\n\n\n\n<figure class=\"wp-block-table\"><table><tbody><tr><th>\u00c1rea de foco<\/th><th>Descri\u00e7\u00e3o<\/th><\/tr><tr><td>Gentileza<\/td><td>Promover uma cultura de respeito e apoio.<\/td><\/tr><tr><td>Obrigado<\/td><td>Reconhecer e valorizar as contribui\u00e7\u00f5es dos funcion\u00e1rios.<\/td><\/tr><tr><td>Equil\u00edbrio entre vida profissional e pessoal<\/td><td>Oferecemos hor\u00e1rios flex\u00edveis para atender \u00e0s necessidades pessoais.<\/td><\/tr><tr><td>Desenvolvimento<\/td><td>Oferecer oportunidades de treinamento e crescimento.<\/td><\/tr><tr><td>Ambiente de trabalho<\/td><td>Criar um ambiente de trabalho seguro e inclusivo.<\/td><\/tr><\/tbody><\/table><\/figure>\n\n\n\n<p>Escolher uma carreira na Aldi significa juntar-se a uma equipe que valoriza voc\u00ea e seu potencial. Com foco em sustentabilidade, crescimento e equil\u00edbrio, a Aldi oferece mais do que um simples emprego \u2014 oferece uma carreira gratificante.<\/p>\n\n\n\n<h2 class=\"wp-block-heading\">Vagas de emprego dispon\u00edveis no Aldi<\/h2>\n\n\n\n<p>Pronto para dar o pr\u00f3ximo passo na sua carreira? Explore as vagas dispon\u00edveis na Aldi. Com oportunidades em todo o pa\u00eds, voc\u00ea encontrar\u00e1 uma posi\u00e7\u00e3o que se encaixa nas suas habilidades e estilo de vida. Seja para trabalho em tempo integral ou parcial, a Aldi oferece oportunidades para voc\u00ea crescer profissionalmente.<\/p>\n\n\n\n<h3 class=\"wp-block-heading\">Associado de Loja em Tempo Integral<\/h3>\n\n\n\n<p>A Aldi est\u00e1 contratando um(a) <strong>Associado de Loja em Tempo Integral<\/strong> Em Greer, SC. Esta vaga oferece um sal\u00e1rio inicial de <strong>$17,50\/hora<\/strong>As responsabilidades incluem atendimento ao cliente, reposi\u00e7\u00e3o de mercadorias nas prateleiras e manuten\u00e7\u00e3o da limpeza da loja. Se voc\u00ea gosta de trabalhar em um ambiente din\u00e2mico, esta pode ser a oportunidade perfeita.<\/p>\n\n\n\n<h3 class=\"wp-block-heading\">Auxiliar de Armaz\u00e9m - 1\u00ba Turno<\/h3>\n\n\n\n<p>Em Hinckley, Ohio, a Aldi est\u00e1 procurando um(a) <strong>Auxiliar de Armaz\u00e9m - 1\u00ba Turno<\/strong>Esta posi\u00e7\u00e3o paga <strong>$21\/hora<\/strong> e inclui a possibilidade de horas extras. Experi\u00eancia com opera\u00e7\u00e3o de empilhadeira \u00e9 desej\u00e1vel. Os requisitos f\u00edsicos incluem levantar at\u00e9 20 kg. Esta fun\u00e7\u00e3o \u00e9 ideal para quem se destaca em um ambiente pr\u00e1tico.<\/p>\n\n\n\n<h3 class=\"wp-block-heading\">Operador(a) de Caixa\/Repositor(a) (Meio Per\u00edodo)<\/h3>\n\n\n\n<p>Para estudantes ou para quem busca flexibilidade, o Aldi tem uma op\u00e7\u00e3o... <strong>Operador(a) de Caixa\/Repositor(a) (Meio Per\u00edodo)<\/strong> Vaga em Edgewater Park, NJ. O sal\u00e1rio inicial \u00e9 de <strong>$15\/hora<\/strong>Com disponibilidade para o turno da noite. As fun\u00e7\u00f5es incluem auxiliar os clientes e organizar o estoque da loja. Esta posi\u00e7\u00e3o \u00e9 perfeita para conciliar o trabalho com outros compromissos.<\/p>\n\n\n\n<p>Essas vagas fazem parte do compromisso da Aldi em atender \u00e0s necessidades de contrata\u00e7\u00e3o espec\u00edficas de cada localidade. Com potencial de crescimento em regi\u00f5es de alta demanda, voc\u00ea pode construir uma carreira gratificante. N\u00e3o perca essa oportunidade \u2014 candidate-se durante <strong>Semana Nacional de Contrata\u00e7\u00e3o<\/strong> para ter a oportunidade de se juntar a uma equipe que valoriza suas contribui\u00e7\u00f5es.<\/p>\n\n\n\n<h2 class=\"wp-block-heading\">Sal\u00e1rios e Remunera\u00e7\u00e3o na Aldi<\/h2>\n\n\n\n<p>Tem curiosidade sobre sal\u00e1rios e benef\u00edcios competitivos no setor varejista? A Aldi oferece <strong>remunera\u00e7\u00f5es<\/strong> que est\u00e3o 10% acima da m\u00e9dia do setor, garantindo que seu trabalho \u00e1rduo seja recompensado. Seja voc\u00ea um <strong>funcion\u00e1rio da loja<\/strong> ou parte do <strong>armaz\u00e9m<\/strong> Na equipe, voc\u00ea encontrar\u00e1 uma remunera\u00e7\u00e3o justa e transparente.<\/p>\n\n\n\n<p>Para <strong>funcion\u00e1rios da loja<\/strong>A m\u00e9dia nacional varia de \u00a316 a \u00a320 por hora. Os funcion\u00e1rios de armaz\u00e9m ganham entre \u00a319 e \u00a323 por hora, com incentivos adicionais para turnos noturnos. Esses valores refletem o compromisso da Aldi em valorizar seus funcion\u00e1rios.<\/p>\n\n\n\n<p>Al\u00e9m do sal\u00e1rio base, a Aldi oferece um pacote completo de benef\u00edcios. Funcion\u00e1rios em tempo integral t\u00eam direito ao plano de sa\u00fade ap\u00f3s 90 dias e recebem 20 dias de f\u00e9rias remuneradas por ano. Aumentos salariais baseados em desempenho s\u00e3o oferecidos a cada seis meses para fun\u00e7\u00f5es de atendimento ao cliente, garantindo que seus esfor\u00e7os sejam reconhecidos.<\/p>\n\n\n\n<p>O adicional noturno \u00e9 de $2 por hora para o turno da noite. <strong>armaz\u00e9m<\/strong> A Aldi oferece turnos remunerados e b\u00f4nus trimestrais para as equipes que superam as metas de vendas. Al\u00e9m disso, a Aldi oferece um plano 401(k) com contribui\u00e7\u00e3o da empresa de 51% a 3%, ajudando voc\u00ea a planejar o futuro.<\/p>\n\n\n\n<figure class=\"wp-block-table\"><table><tbody><tr><th>Elemento de compensa\u00e7\u00e3o<\/th><th>Detalhes<\/th><\/tr><tr><td>Sal\u00e1rio base<\/td><td>$16-$20\/hora (Associados de Loja), $19-$23\/hora (Armaz\u00e9m)<\/td><\/tr><tr><td>Plano de sa\u00fade<\/td><td>Eleg\u00edvel para vagas em tempo integral ap\u00f3s 90 dias.<\/td><\/tr><tr><td>Folga remunerada<\/td><td>20 dias anuais para funcion\u00e1rios em tempo integral.<\/td><\/tr><tr><td>Aumentos de desempenho<\/td><td>A cada 6 meses para fun\u00e7\u00f5es de atendimento ao cliente.<\/td><\/tr><tr><td>Diferenciais de mudan\u00e7a<\/td><td>+$2\/hora para turnos noturnos em armaz\u00e9m<\/td><\/tr><tr><td>B\u00f4nus trimestrais<\/td><td>Para equipes de loja que superam as metas de vendas<\/td><\/tr><\/tbody><\/table><\/figure>\n\n\n\n<p>Preparando-se para um <strong>entrevista<\/strong>Conhecer esses detalhes pode ajud\u00e1-lo a discutir com confian\u00e7a seus ganhos e benef\u00edcios potenciais. O compromisso da Aldi com uma remunera\u00e7\u00e3o justa e oportunidades de crescimento a torna uma escolha excepcional no setor varejista.<\/p>\n\n\n\n<h2 class=\"wp-block-heading\">Benef\u00edcios de trabalhar no Aldi<\/h2>\n\n\n\n<p>Procura uma empresa que invista no seu bem-estar e no seu futuro? A Aldi oferece uma gama de benef\u00edcios. <strong>benef\u00edcios<\/strong> Pensado para apoiar sua sa\u00fade, bem-estar e crescimento profissional. De planos de sa\u00fade abrangentes a programas de desenvolvimento de carreira, o Aldi garante que voc\u00ea tenha os recursos para prosperar.<\/p>\n\n\n\n<h3 class=\"wp-block-heading\">Benef\u00edcios para a sa\u00fade e o bem-estar<\/h3>\n\n\n\n<p>A Aldi prioriza a sua sa\u00fade com planos de sa\u00fade, odontol\u00f3gico e oftalmol\u00f3gico com franquia zero para funcion\u00e1rios em tempo integral. Servi\u00e7os de telemedicina gratuitos est\u00e3o dispon\u00edveis para todos, garantindo que voc\u00ea tenha acesso a cuidados m\u00e9dicos quando precisar. Al\u00e9m disso, descontos em academias e aconselhamento de sa\u00fade mental por meio do Programa de Assist\u00eancia ao Empregado promovem o bem-estar geral.<\/p>\n\n\n\n<h3 class=\"wp-block-heading\">Oportunidades de Desenvolvimento de Carreira<\/h3>\n\n\n\n<p>Seu <strong>carreira<\/strong> O crescimento \u00e9 importante na Aldi. A empresa oferece certifica\u00e7\u00f5es pagas, como treinamento em seguran\u00e7a alimentar, e programas de mentoria para aspirantes a Gerentes de Distrito. H\u00e1 reembolso de at\u00e9 \u00a31.400 por ano para cursos de administra\u00e7\u00e3o e gest\u00e3o relevantes para o varejo. Esses programas s\u00e3o projetados para ajud\u00e1-lo a alcan\u00e7ar o sucesso a longo prazo. <strong>sucesso<\/strong>.<\/p>\n\n\n\n<p>O treinamento de lideran\u00e7a \u00e9 outro foco fundamental. Os gerentes de loja recebem programas especializados para aprimorar suas habilidades e progredir em suas carreiras. Ao ingressar na Aldi, voc\u00ea passa a fazer parte de uma <strong>equipe<\/strong> que valoriza suas contribui\u00e7\u00f5es e fornece o <strong>apoiar<\/strong> Voc\u00ea precisa se destacar.<\/p>\n\n\n\n<h2 class=\"wp-block-heading\">Como se candidatar a um emprego no Aldi<\/h2>\n\n\n\n<p>Pronto para come\u00e7ar sua jornada em uma empresa que valoriza seu potencial? A Aldi oferece um processo simplificado. <strong>processo de contrata\u00e7\u00e3o<\/strong> torna f\u00e1cil explorar <strong>oportunidades de carreira<\/strong> e d\u00ea o pr\u00f3ximo passo. Aqui est\u00e1 tudo o que voc\u00ea precisa saber para se candidatar e ter sucesso.<\/p>\n\n\n\n<h3 class=\"wp-block-heading\">Processo de candidatura passo a passo<\/h3>\n\n\n\n<p>Primeiro, acesse o portal de carreiras da Aldi para criar alertas de vagas. Selecione suas categorias preferidas, como loja ou dep\u00f3sito, e locais para ficar por dentro das oportunidades. Isso garante que voc\u00ea nunca perca uma chance. <strong>Candidate-se agora<\/strong> para o seu ideal <strong>papel<\/strong>.<\/p>\n\n\n\n<p>Em seguida, envie seu curr\u00edculo juntamente com tr\u00eas refer\u00eancias profissionais. O sistema de candidatura online da Aldi \u00e9 f\u00e1cil de usar e permite o envio r\u00e1pido de documentos. Certifique-se de que seu curr\u00edculo destaque habilidades e experi\u00eancias relevantes para se destacar.<\/p>\n\n\n\n<p>Por fim, prepare-se para as entrevistas em painel. As perguntas mais comuns focam em trabalho em equipe, resolu\u00e7\u00e3o de problemas e adaptabilidade. Pratique suas respostas para demonstrar seus pontos fortes e estar alinhado aos valores da Aldi.<\/p>\n\n\n\n<h3 class=\"wp-block-heading\">O que esperar durante o processo de contrata\u00e7\u00e3o<\/h3>\n\n\n\n<p>O <strong>processo de contrata\u00e7\u00e3o<\/strong> O processo inclui tr\u00eas etapas principais: uma triagem por telefone, uma entrevista presencial e uma entrevista presencial. <strong>entrevista<\/strong>e uma verifica\u00e7\u00e3o de antecedentes. A verifica\u00e7\u00e3o de antecedentes geralmente leva de 3 a 5 dias \u00fateis, portanto, tenha paci\u00eancia durante essa fase.<\/p>\n\n\n\n<p>As ofertas de emprego geralmente s\u00e3o feitas em at\u00e9 10 dias ap\u00f3s a entrevista final. Se selecionado(a), voc\u00ea receber\u00e1 detalhes sobre a data de in\u00edcio, o cronograma de treinamento e os benef\u00edcios. Vista-se com traje esporte fino para as entrevistas presenciais e leve c\u00f3pias de quaisquer certifica\u00e7\u00f5es para causar uma boa impress\u00e3o.<\/p>\n\n\n\n<p>Seguindo estes passos, voc\u00ea estar\u00e1 bem preparado para se juntar a uma equipe que valoriza suas contribui\u00e7\u00f5es e apoia seu crescimento. D\u00ea o primeiro passo hoje mesmo e explore as oportunidades na Aldi. <strong>oportunidades de carreira<\/strong>.<\/p>\n\n\n\n<h2 class=\"wp-block-heading\">Semana Nacional de Contrata\u00e7\u00f5es na Aldi<\/h2>\n\n\n\n<p>Voc\u00ea est\u00e1 pronto para aproveitar uma oportunidade \u00fanica? <strong>oportunidade<\/strong> Quer fazer parte de uma equipe din\u00e2mica? De 15 a 21 de setembro, a Aldi estar\u00e1 realizando seu... <strong>Semana Nacional de Contrata\u00e7\u00e3o<\/strong>, oferecendo propostas imediatas para <strong>vagas de emprego em armaz\u00e9m<\/strong>Este evento \u00e9 a sua oportunidade de iniciar uma carreira gratificante em uma empresa que valoriza suas habilidades e dedica\u00e7\u00e3o.<\/p>\n\n\n\n<p>Durante esta semana, a Aldi est\u00e1 expandindo sua equipe com um aumento de 15% nas contrata\u00e7\u00f5es. Mais de 200 lojas e 12 centros de distribui\u00e7\u00e3o regionais em todo o pa\u00eds est\u00e3o participando. Se voc\u00ea est\u00e1 procurando um emprego em tempo integral ou parcial, esta \u00e9 a oportunidade perfeita. <strong>tempo<\/strong> Para se candidatar e garantir seu futuro.<\/p>\n\n\n\n<p>Como parte do evento, a Aldi est\u00e1 oferecendo um b\u00f4nus de contrata\u00e7\u00e3o de \u00a3$500 para vagas preenchidas durante o per\u00edodo de [inserir per\u00edodo aqui]. <strong>Semana Nacional de Contrata\u00e7\u00e3o<\/strong>Os gerentes est\u00e3o realizando entrevistas no mesmo dia, portanto, candidatar-se no in\u00edcio da semana garante a melhor disponibilidade. Vagas urgentes, como repositor noturno e especialista em invent\u00e1rio, est\u00e3o em alta demanda.<\/p>\n\n\n\n<p>Aldi&#039;s <strong>as pessoas dirigem<\/strong> Nossa filosofia garante que cada membro da equipe seja valorizado e apoiado. O hor\u00e1rio estendido de suporte de RH, das 8h \u00e0s 20h (hor\u00e1rio do leste dos EUA), torna mais f\u00e1cil do que nunca tirar suas d\u00favidas e concluir o processo de contrata\u00e7\u00e3o.<\/p>\n\n\n\n<figure class=\"wp-block-table\"><table><tbody><tr><th>Detalhes do evento<\/th><th>Destaques<\/th><\/tr><tr><td>Datas<\/td><td>15 a 21 de setembro<\/td><\/tr><tr><td>Locais<\/td><td>Mais de 200 lojas, 12 armaz\u00e9ns regionais<\/td><\/tr><tr><td>Vantagens<\/td><td>B\u00f4nus de contrata\u00e7\u00e3o $500<\/td><\/tr><tr><td>Vagas Urgentes<\/td><td>Repositores noturnos, especialistas em invent\u00e1rio<\/td><\/tr><tr><td>Suporte de RH<\/td><td>Das 8h \u00e0s 20h (hor\u00e1rio do leste dos EUA)<\/td><\/tr><\/tbody><\/table><\/figure>\n\n\n\n<p>N\u00e3o perca esta oportunidade de se juntar a uma equipe que valoriza suas contribui\u00e7\u00f5es e apoia seu crescimento. Candidate-se agora e d\u00ea o primeiro passo rumo a uma carreira gratificante na Aldi.<\/p>\n\n\n\n<h2 class=\"wp-block-heading\">A vida na Aldi: depoimentos de funcion\u00e1rios<\/h2>\n\n\n\n<p>Como \u00e9 fazer parte de um <strong>equipe<\/strong> que valoriza seu crescimento e suas ideias? Ou\u00e7a diretamente de funcion\u00e1rios que constru\u00edram suas carreiras aqui. Suas hist\u00f3rias destacam o ambiente de apoio. <strong>ambiente de trabalho<\/strong> e oportunidades de crescimento profissional.<\/p>\n\n\n\n<p>\u201cA ALDI me deu confian\u00e7a para tomar decis\u00f5es\u201d, compartilha um funcion\u00e1rio da loja. Esse sentimento \u00e9 compartilhado por um funcion\u00e1rio de Servi\u00e7os Nacionais: \u201cNossas ideias geram impacto real\u201d. Esses depoimentos refletem o compromisso da ALDI em capacitar seus funcion\u00e1rios. <strong>funcion\u00e1rios<\/strong>.<\/p>\n\n\n\n<p>Uma caixa conta: &quot;Consegui uma promo\u00e7\u00e3o para Gerente de Turno em 14 meses gra\u00e7as ao treinamento da ALDI.&quot; Outro funcion\u00e1rio do armaz\u00e9m acrescenta: &quot;A lideran\u00e7a reconheceu minhas m\u00e9tricas de efici\u00eancia com um b\u00f4nus de desempenho de 1.200 libras.&quot; Essas hist\u00f3rias demonstram o foco da empresa em recompensar o trabalho \u00e1rduo e a dedica\u00e7\u00e3o.<\/p>\n\n\n\n<p>Para quem trabalha em meio per\u00edodo, a Aldi oferece flexibilidade. &quot;Eles se adaptam \u00e0 minha grade hor\u00e1ria da faculdade e ainda oferecem aux\u00edlio financeiro para os estudos&quot;, diz uma funcion\u00e1ria estudante. Esse equil\u00edbrio entre trabalho e vida pessoal \u00e9 um dos pilares da cultura da Aldi.<\/p>\n\n\n\n<p>O <strong>equipe<\/strong> A cultura organizacional \u00e9 ainda mais fortalecida por meio de passeios trimestrais, como aulas de culin\u00e1ria em grupo, financiadas pela Aldi. Essas atividades promovem o companheirismo e tornam o ambiente de trabalho mais agrad\u00e1vel.<\/p>\n\n\n\n<figure class=\"wp-block-table\"><table><tbody><tr><th>Papel<\/th><th>Destaque<\/th><\/tr><tr><td>Caixa<\/td><td>Promovido a Gerente de Turno em 14 meses<\/td><\/tr><tr><td>Oper\u00e1rio de Armaz\u00e9m<\/td><td>B\u00f4nus de desempenho $1.200 por efici\u00eancia<\/td><\/tr><tr><td>Gerente Distrital<\/td><td>Supervisiona $8M em vendas anuais em 6 lojas.<\/td><\/tr><tr><td>Tempo parcial<\/td><td>Hor\u00e1rio flex\u00edvel com aux\u00edlio para pagamento de mensalidades<\/td><\/tr><tr><td>Cultura de Equipe<\/td><td>Passeios trimestrais, como aulas de culin\u00e1ria.<\/td><\/tr><\/tbody><\/table><\/figure>\n\n\n\n<p>Esses depoimentos oferecem uma vis\u00e3o geral do <strong>experi\u00eancia<\/strong> de trabalhar no Aldi. Desde o crescimento na carreira at\u00e9 um ambiente de trabalho acolhedor. <strong>equipe<\/strong>Aqui, os funcion\u00e1rios encontram realiza\u00e7\u00e3o e sucesso.<\/p>\n\n\n\n<div class=\"wp-block-buttons is-content-justification-center is-layout-flex wp-container-core-buttons-layout-1 wp-block-buttons-is-layout-flex\">\n<div class=\"wp-block-button has-custom-width wp-block-button__width-50 has-custom-font-size is-style-outline\" style=\"font-size:2rem\"><a class=\"wp-block-button__link has-light-color has-vivid-green-cyan-background-color has-text-color has-background has-link-color wp-element-button\" href=\"https:\/\/www.aldicareers.com.au\/jobs\" style=\"border-radius:50px\"><strong>CANDIDATE-SE J\u00c1<\/strong><\/a><\/div>\n<\/div>\n\n\n\n<h2 class=\"wp-block-heading\">Descubra mais sobre a Aldi<\/h2>\n\n\n\n<p>Descubra como a Aldi vai al\u00e9m do varejo para fazer a diferen\u00e7a no mundo. <strong>sustentabilidade<\/strong> Em seus esfor\u00e7os para gerar impacto na comunidade, a empresa se dedica a criar mudan\u00e7as positivas. As iniciativas da Aldi v\u00e3o muito al\u00e9m de suas lojas, refletindo seu compromisso com o planeta e com as pessoas.<\/p>\n\n\n\n<p>Uma das principais metas da Aldi \u00e9 atingir 100% de embalagens recicl\u00e1veis (100%) at\u00e9 2025. Desde 2020, a empresa reduziu o uso de pl\u00e1stico em 50% (%) em suas marcas pr\u00f3prias. <strong>produtos<\/strong>Esses esfor\u00e7os demonstram a dedica\u00e7\u00e3o da Aldi em minimizar seu impacto ambiental.<\/p>\n\n\n\n<p>O impacto da Aldi na comunidade \u00e9 igualmente impressionante. Atrav\u00e9s do seu programa ALDI Cares, a empresa doa mais de 1,4 milh\u00e3o de d\u00f3lares anualmente para bancos de alimentos em todo o pa\u00eds. <strong>nacional<\/strong> rede. Essa parceria com a Feeding America ajuda a combater a fome e apoia as comunidades locais.<\/p>\n\n\n\n<p>Nos bastidores, a Aldi est\u00e1 inovando com pr\u00e1ticas ecologicamente corretas. Por exemplo, seu armaz\u00e9m movido a energia solar em Hinckley, Ohio, demonstra seu compromisso com a energia renov\u00e1vel. Essa instala\u00e7\u00e3o \u00e9 apenas um exemplo de como a Aldi est\u00e1 liderando o caminho em <strong>sustentabilidade<\/strong>.<\/p>\n\n\n\n<p>Quando se trata de qualidade, a Aldi estabelece padr\u00f5es elevados. Todos os produtos de marca pr\u00f3pria passam por uma rigorosa verifica\u00e7\u00e3o de qualidade em 20 pontos. Isso garante que os clientes recebam o melhor. <strong>coisas<\/strong> A pre\u00e7os imbat\u00edveis.<\/p>\n\n\n\n<p>Com 12.000 lojas em todo o mundo e uma expans\u00e3o nos EUA que adiciona 150 unidades por ano, a presen\u00e7a global da Aldi continua a crescer. Esse crescimento reflete a capacidade da empresa de se adaptar e prosperar em um mercado competitivo.<\/p>\n\n\n\n<h2 class=\"wp-block-heading\">Conclus\u00e3o<\/h2>\n\n\n\n<p>Pronto para levar sua carreira para o pr\u00f3ximo n\u00edvel em uma empresa que valoriza seu crescimento? A Aldi oferece <strong>sal\u00e1rios mais altos<\/strong> do que concorrentes como Walmart e Target, garantindo que seu trabalho \u00e1rduo seja recompensado. Com <strong>Semana Nacional de Contrata\u00e7\u00e3o<\/strong> Com a aproxima\u00e7\u00e3o do per\u00edodo de 15 a 21 de setembro, agora \u00e9 o momento perfeito para explorar suas op\u00e7\u00f5es.<\/p>\n\n\n\n<p>N\u00e3o espere \u2014 candidate-se agora para ter prioridade na an\u00e1lise da sua candidatura. A Aldi investe em seus funcion\u00e1rios. <strong>pessoas<\/strong>, com 90% de cargos de gest\u00e3o preenchidos internamente. Seu pr\u00f3ximo passo rumo a <strong>sucesso<\/strong> Poderia come\u00e7ar hoje.<\/p>\n\n\n\n<p>Junte-se a mais de 45.000 funcion\u00e1rios que est\u00e3o moldando o futuro do varejo acess\u00edvel. Visite a p\u00e1gina da Aldi. <strong>portal de carreiras<\/strong> Explore an\u00fancios ao vivo e d\u00ea o primeiro passo rumo a uma carreira gratificante.<\/p>","protected":false},"excerpt":{"rendered":"<p>Have you ever wondered what it\u2019s like to work for a company that values both its employees and the planet? Aldi, recognized as one of TIME\u2019s 100 Most Influential Companies of 2025, is redefining the grocery retail industry with its focus on sustainability and efficiency. As the fastest-growing U.S. grocer, Aldi offers more than just [&hellip;]<\/p>","protected":false},"author":50,"featured_media":1557,"comment_status":"closed","ping_status":"open","sticky":false,"template":"","format":"standard","meta":{"footnotes":""},"categories":[82],"tags":[383,385,374,380,375,384,376],"yoast_head":"<!-- This site is optimized with the Yoast SEO plugin v23.3 - https:\/\/yoast.com\/wordpress\/plugins\/seo\/ -->\n<title>Job Offer at Aldi: See Salaries and How to Apply - Zapnax<\/title>\n<meta name=\"description\" content=\"Check out the latest Job Offer at Aldi: See Salaries and How to Apply. Get details on available jobs, pay, and application steps.\" \/>\n<meta name=\"robots\" content=\"index, follow, max-snippet:-1, max-image-preview:large, max-video-preview:-1\" \/>\n<link rel=\"canonical\" href=\"http:\/\/zapnax.com\/pt\/job-offer-at-aldi-see-salaries-and-how-to-apply\/\" \/>\n<meta property=\"og:locale\" content=\"pt_BR\" \/>\n<meta property=\"og:type\" content=\"article\" \/>\n<meta property=\"og:title\" content=\"Job Offer at Aldi: See Salaries and How to Apply - Zapnax\" \/>\n<meta property=\"og:description\" content=\"Check out the latest Job Offer at Aldi: See Salaries and How to Apply. Get details on available jobs, pay, and application steps.\" \/>\n<meta property=\"og:url\" content=\"http:\/\/zapnax.com\/pt\/job-offer-at-aldi-see-salaries-and-how-to-apply\/\" \/>\n<meta property=\"og:site_name\" content=\"Zapnax\" \/>\n<meta property=\"article:published_time\" content=\"2025-09-15T15:51:47+00:00\" \/>\n<meta property=\"article:modified_time\" content=\"2025-09-15T15:51:48+00:00\" \/>\n<meta property=\"og:image\" content=\"http:\/\/zapnax.com\/wp-content\/uploads\/sites\/158\/2025\/09\/Job-Offer-at-Aldi-See-Salaries-and-How-to-Apply-1.jpeg\" \/>\n\t<meta property=\"og:image:width\" content=\"960\" \/>\n\t<meta property=\"og:image:height\" content=\"768\" \/>\n\t<meta property=\"og:image:type\" content=\"image\/jpeg\" \/>\n<meta name=\"author\" content=\"Publishing Team\" \/>\n<meta name=\"twitter:card\" content=\"summary_large_image\" \/>\n<meta name=\"twitter:label1\" content=\"Written by\" \/>\n\t<meta name=\"twitter:data1\" content=\"Publishing Team\" \/>\n\t<meta name=\"twitter:label2\" content=\"Est. reading time\" \/>\n\t<meta name=\"twitter:data2\" content=\"10 minutos\" \/>\n<script type=\"application\/ld+json\" class=\"yoast-schema-graph\">{\"@context\":\"https:\/\/schema.org\",\"@graph\":[{\"@type\":\"Article\",\"@id\":\"http:\/\/zapnax.com\/pt\/job-offer-at-aldi-see-salaries-and-how-to-apply\/#article\",\"isPartOf\":{\"@id\":\"http:\/\/zapnax.com\/pt\/job-offer-at-aldi-see-salaries-and-how-to-apply\/\"},\"author\":{\"name\":\"Publishing Team\",\"@id\":\"https:\/\/zapnax.com\/#\/schema\/person\/00089a223ef6bc638e65578e97bf669d\"},\"headline\":\"Job Offer at Aldi: See Salaries and How to Apply\",\"datePublished\":\"2025-09-15T15:51:47+00:00\",\"dateModified\":\"2025-09-15T15:51:48+00:00\",\"mainEntityOfPage\":{\"@id\":\"http:\/\/zapnax.com\/pt\/job-offer-at-aldi-see-salaries-and-how-to-apply\/\"},\"wordCount\":2145,\"publisher\":{\"@id\":\"https:\/\/zapnax.com\/#organization\"},\"image\":{\"@id\":\"http:\/\/zapnax.com\/pt\/job-offer-at-aldi-see-salaries-and-how-to-apply\/#primaryimage\"},\"thumbnailUrl\":\"http:\/\/zapnax.com\/wp-content\/uploads\/sites\/158\/2025\/09\/Job-Offer-at-Aldi-See-Salaries-and-How-to-Apply-1.jpeg\",\"keywords\":[\"Aldi\",\"Aldi carreers\",\"Available vacancies\",\"Fast Jobs\",\"Jobs\",\"Jobs Aldi\",\"Quick Jobs\"],\"articleSection\":[\"Hidden\"],\"inLanguage\":\"pt-BR\"},{\"@type\":\"WebPage\",\"@id\":\"http:\/\/zapnax.com\/pt\/job-offer-at-aldi-see-salaries-and-how-to-apply\/\",\"url\":\"http:\/\/zapnax.com\/pt\/job-offer-at-aldi-see-salaries-and-how-to-apply\/\",\"name\":\"Job Offer at Aldi: See Salaries and How to Apply - Zapnax\",\"isPartOf\":{\"@id\":\"https:\/\/zapnax.com\/#website\"},\"primaryImageOfPage\":{\"@id\":\"http:\/\/zapnax.com\/pt\/job-offer-at-aldi-see-salaries-and-how-to-apply\/#primaryimage\"},\"image\":{\"@id\":\"http:\/\/zapnax.com\/pt\/job-offer-at-aldi-see-salaries-and-how-to-apply\/#primaryimage\"},\"thumbnailUrl\":\"http:\/\/zapnax.com\/wp-content\/uploads\/sites\/158\/2025\/09\/Job-Offer-at-Aldi-See-Salaries-and-How-to-Apply-1.jpeg\",\"datePublished\":\"2025-09-15T15:51:47+00:00\",\"dateModified\":\"2025-09-15T15:51:48+00:00\",\"description\":\"Check out the latest Job Offer at Aldi: See Salaries and How to Apply. Get details on available jobs, pay, and application steps.\",\"breadcrumb\":{\"@id\":\"http:\/\/zapnax.com\/pt\/job-offer-at-aldi-see-salaries-and-how-to-apply\/#breadcrumb\"},\"inLanguage\":\"pt-BR\",\"potentialAction\":[{\"@type\":\"ReadAction\",\"target\":[\"http:\/\/zapnax.com\/pt\/job-offer-at-aldi-see-salaries-and-how-to-apply\/\"]}]},{\"@type\":\"ImageObject\",\"inLanguage\":\"pt-BR\",\"@id\":\"http:\/\/zapnax.com\/pt\/job-offer-at-aldi-see-salaries-and-how-to-apply\/#primaryimage\",\"url\":\"http:\/\/zapnax.com\/wp-content\/uploads\/sites\/158\/2025\/09\/Job-Offer-at-Aldi-See-Salaries-and-How-to-Apply-1.jpeg\",\"contentUrl\":\"http:\/\/zapnax.com\/wp-content\/uploads\/sites\/158\/2025\/09\/Job-Offer-at-Aldi-See-Salaries-and-How-to-Apply-1.jpeg\",\"width\":960,\"height\":768,\"caption\":\"Job Offer at Aldi: See Salaries and How to Apply\"},{\"@type\":\"BreadcrumbList\",\"@id\":\"http:\/\/zapnax.com\/pt\/job-offer-at-aldi-see-salaries-and-how-to-apply\/#breadcrumb\",\"itemListElement\":[{\"@type\":\"ListItem\",\"position\":1,\"name\":\"Home\",\"item\":\"https:\/\/zapnax.com\/\"},{\"@type\":\"ListItem\",\"position\":2,\"name\":\"Job Offer at Aldi: See Salaries and How to Apply\"}]},{\"@type\":\"WebSite\",\"@id\":\"https:\/\/zapnax.com\/#website\",\"url\":\"https:\/\/zapnax.com\/\",\"name\":\"Zapnax\",\"description\":\"\",\"publisher\":{\"@id\":\"https:\/\/zapnax.com\/#organization\"},\"potentialAction\":[{\"@type\":\"SearchAction\",\"target\":{\"@type\":\"EntryPoint\",\"urlTemplate\":\"https:\/\/zapnax.com\/?s={search_term_string}\"},\"query-input\":\"required name=search_term_string\"}],\"inLanguage\":\"pt-BR\"},{\"@type\":\"Organization\",\"@id\":\"https:\/\/zapnax.com\/#organization\",\"name\":\"Zapnax\",\"url\":\"https:\/\/zapnax.com\/\",\"logo\":{\"@type\":\"ImageObject\",\"inLanguage\":\"pt-BR\",\"@id\":\"https:\/\/zapnax.com\/#\/schema\/logo\/image\/\",\"url\":\"http:\/\/zapnax.com\/wp-content\/uploads\/sites\/158\/2025\/03\/cropped-cropped-Black-Circles-Art-Design-Logo-1.png\",\"contentUrl\":\"http:\/\/zapnax.com\/wp-content\/uploads\/sites\/158\/2025\/03\/cropped-cropped-Black-Circles-Art-Design-Logo-1.png\",\"width\":512,\"height\":512,\"caption\":\"Zapnax\"},\"image\":{\"@id\":\"https:\/\/zapnax.com\/#\/schema\/logo\/image\/\"}},{\"@type\":\"Person\",\"@id\":\"https:\/\/zapnax.com\/#\/schema\/person\/00089a223ef6bc638e65578e97bf669d\",\"name\":\"Publishing Team\",\"image\":{\"@type\":\"ImageObject\",\"inLanguage\":\"pt-BR\",\"@id\":\"https:\/\/zapnax.com\/#\/schema\/person\/image\/\",\"url\":\"http:\/\/2.gravatar.com\/avatar\/e5551cbd08ddeea8a3d8a11989e927c5?s=96&d=mm&r=g\",\"contentUrl\":\"http:\/\/2.gravatar.com\/avatar\/e5551cbd08ddeea8a3d8a11989e927c5?s=96&d=mm&r=g\",\"caption\":\"Publishing Team\"},\"description\":\"Publishing Team AV believes that good content is born from attention and sensitivity. Our focus is to understand what people truly need and transform that into clear, useful texts that feel close to the reader. We are a team that values listening, learning, and honest communication. We work with care in every detail, always aiming to deliver material that makes a real difference in the daily life of those who read it.\",\"url\":\"http:\/\/zapnax.com\/pt\/author\/publishing\/\"}]}<\/script>\n<!-- \/ Yoast SEO plugin. -->","yoast_head_json":{"title":"Job Offer at Aldi: See Salaries and How to Apply - Zapnax","description":"Check out the latest Job Offer at Aldi: See Salaries and How to Apply. Get details on available jobs, pay, and application steps.","robots":{"index":"index","follow":"follow","max-snippet":"max-snippet:-1","max-image-preview":"max-image-preview:large","max-video-preview":"max-video-preview:-1"},"canonical":"http:\/\/zapnax.com\/pt\/job-offer-at-aldi-see-salaries-and-how-to-apply\/","og_locale":"pt_BR","og_type":"article","og_title":"Job Offer at Aldi: See Salaries and How to Apply - Zapnax","og_description":"Check out the latest Job Offer at Aldi: See Salaries and How to Apply. Get details on available jobs, pay, and application steps.","og_url":"http:\/\/zapnax.com\/pt\/job-offer-at-aldi-see-salaries-and-how-to-apply\/","og_site_name":"Zapnax","article_published_time":"2025-09-15T15:51:47+00:00","article_modified_time":"2025-09-15T15:51:48+00:00","og_image":[{"width":960,"height":768,"url":"http:\/\/zapnax.com\/wp-content\/uploads\/sites\/158\/2025\/09\/Job-Offer-at-Aldi-See-Salaries-and-How-to-Apply-1.jpeg","type":"image\/jpeg"}],"author":"Publishing Team","twitter_card":"summary_large_image","twitter_misc":{"Written by":"Publishing Team","Est. reading time":"10 minutos"},"schema":{"@context":"https:\/\/schema.org","@graph":[{"@type":"Article","@id":"http:\/\/zapnax.com\/pt\/job-offer-at-aldi-see-salaries-and-how-to-apply\/#article","isPartOf":{"@id":"http:\/\/zapnax.com\/pt\/job-offer-at-aldi-see-salaries-and-how-to-apply\/"},"author":{"name":"Publishing Team","@id":"https:\/\/zapnax.com\/#\/schema\/person\/00089a223ef6bc638e65578e97bf669d"},"headline":"Job Offer at Aldi: See Salaries and How to Apply","datePublished":"2025-09-15T15:51:47+00:00","dateModified":"2025-09-15T15:51:48+00:00","mainEntityOfPage":{"@id":"http:\/\/zapnax.com\/pt\/job-offer-at-aldi-see-salaries-and-how-to-apply\/"},"wordCount":2145,"publisher":{"@id":"https:\/\/zapnax.com\/#organization"},"image":{"@id":"http:\/\/zapnax.com\/pt\/job-offer-at-aldi-see-salaries-and-how-to-apply\/#primaryimage"},"thumbnailUrl":"http:\/\/zapnax.com\/wp-content\/uploads\/sites\/158\/2025\/09\/Job-Offer-at-Aldi-See-Salaries-and-How-to-Apply-1.jpeg","keywords":["Aldi","Aldi carreers","Available vacancies","Fast Jobs","Jobs","Jobs Aldi","Quick Jobs"],"articleSection":["Hidden"],"inLanguage":"pt-BR"},{"@type":"WebPage","@id":"http:\/\/zapnax.com\/pt\/job-offer-at-aldi-see-salaries-and-how-to-apply\/","url":"http:\/\/zapnax.com\/pt\/job-offer-at-aldi-see-salaries-and-how-to-apply\/","name":"Job Offer at Aldi: See Salaries and How to Apply - Zapnax","isPartOf":{"@id":"https:\/\/zapnax.com\/#website"},"primaryImageOfPage":{"@id":"http:\/\/zapnax.com\/pt\/job-offer-at-aldi-see-salaries-and-how-to-apply\/#primaryimage"},"image":{"@id":"http:\/\/zapnax.com\/pt\/job-offer-at-aldi-see-salaries-and-how-to-apply\/#primaryimage"},"thumbnailUrl":"http:\/\/zapnax.com\/wp-content\/uploads\/sites\/158\/2025\/09\/Job-Offer-at-Aldi-See-Salaries-and-How-to-Apply-1.jpeg","datePublished":"2025-09-15T15:51:47+00:00","dateModified":"2025-09-15T15:51:48+00:00","description":"Check out the latest Job Offer at Aldi: See Salaries and How to Apply. Get details on available jobs, pay, and application steps.","breadcrumb":{"@id":"http:\/\/zapnax.com\/pt\/job-offer-at-aldi-see-salaries-and-how-to-apply\/#breadcrumb"},"inLanguage":"pt-BR","potentialAction":[{"@type":"ReadAction","target":["http:\/\/zapnax.com\/pt\/job-offer-at-aldi-see-salaries-and-how-to-apply\/"]}]},{"@type":"ImageObject","inLanguage":"pt-BR","@id":"http:\/\/zapnax.com\/pt\/job-offer-at-aldi-see-salaries-and-how-to-apply\/#primaryimage","url":"http:\/\/zapnax.com\/wp-content\/uploads\/sites\/158\/2025\/09\/Job-Offer-at-Aldi-See-Salaries-and-How-to-Apply-1.jpeg","contentUrl":"http:\/\/zapnax.com\/wp-content\/uploads\/sites\/158\/2025\/09\/Job-Offer-at-Aldi-See-Salaries-and-How-to-Apply-1.jpeg","width":960,"height":768,"caption":"Job Offer at Aldi: See Salaries and How to Apply"},{"@type":"BreadcrumbList","@id":"http:\/\/zapnax.com\/pt\/job-offer-at-aldi-see-salaries-and-how-to-apply\/#breadcrumb","itemListElement":[{"@type":"ListItem","position":1,"name":"Home","item":"https:\/\/zapnax.com\/"},{"@type":"ListItem","position":2,"name":"Job Offer at Aldi: See Salaries and How to Apply"}]},{"@type":"WebSite","@id":"https:\/\/zapnax.com\/#website","url":"https:\/\/zapnax.com\/","name":"Zapnax","description":"","publisher":{"@id":"https:\/\/zapnax.com\/#organization"},"potentialAction":[{"@type":"SearchAction","target":{"@type":"EntryPoint","urlTemplate":"https:\/\/zapnax.com\/?s={search_term_string}"},"query-input":"required name=search_term_string"}],"inLanguage":"pt-BR"},{"@type":"Organization","@id":"https:\/\/zapnax.com\/#organization","name":"Zapnax","url":"https:\/\/zapnax.com\/","logo":{"@type":"ImageObject","inLanguage":"pt-BR","@id":"https:\/\/zapnax.com\/#\/schema\/logo\/image\/","url":"http:\/\/zapnax.com\/wp-content\/uploads\/sites\/158\/2025\/03\/cropped-cropped-Black-Circles-Art-Design-Logo-1.png","contentUrl":"http:\/\/zapnax.com\/wp-content\/uploads\/sites\/158\/2025\/03\/cropped-cropped-Black-Circles-Art-Design-Logo-1.png","width":512,"height":512,"caption":"Zapnax"},"image":{"@id":"https:\/\/zapnax.com\/#\/schema\/logo\/image\/"}},{"@type":"Person","@id":"https:\/\/zapnax.com\/#\/schema\/person\/00089a223ef6bc638e65578e97bf669d","name":"Publishing Team","image":{"@type":"ImageObject","inLanguage":"pt-BR","@id":"https:\/\/zapnax.com\/#\/schema\/person\/image\/","url":"http:\/\/2.gravatar.com\/avatar\/e5551cbd08ddeea8a3d8a11989e927c5?s=96&d=mm&r=g","contentUrl":"http:\/\/2.gravatar.com\/avatar\/e5551cbd08ddeea8a3d8a11989e927c5?s=96&d=mm&r=g","caption":"Publishing Team"},"description":"Publishing Team AV believes that good content is born from attention and sensitivity. Our focus is to understand what people truly need and transform that into clear, useful texts that feel close to the reader. We are a team that values listening, learning, and honest communication. We work with care in every detail, always aiming to deliver material that makes a real difference in the daily life of those who read it.","url":"http:\/\/zapnax.com\/pt\/author\/publishing\/"}]}},"_links":{"self":[{"href":"http:\/\/zapnax.com\/pt\/wp-json\/wp\/v2\/posts\/1748"}],"collection":[{"href":"http:\/\/zapnax.com\/pt\/wp-json\/wp\/v2\/posts"}],"about":[{"href":"http:\/\/zapnax.com\/pt\/wp-json\/wp\/v2\/types\/post"}],"author":[{"embeddable":true,"href":"http:\/\/zapnax.com\/pt\/wp-json\/wp\/v2\/users\/50"}],"replies":[{"embeddable":true,"href":"http:\/\/zapnax.com\/pt\/wp-json\/wp\/v2\/comments?post=1748"}],"version-history":[{"count":1,"href":"http:\/\/zapnax.com\/pt\/wp-json\/wp\/v2\/posts\/1748\/revisions"}],"predecessor-version":[{"id":1749,"href":"http:\/\/zapnax.com\/pt\/wp-json\/wp\/v2\/posts\/1748\/revisions\/1749"}],"wp:featuredmedia":[{"embeddable":true,"href":"http:\/\/zapnax.com\/pt\/wp-json\/wp\/v2\/media\/1557"}],"wp:attachment":[{"href":"http:\/\/zapnax.com\/pt\/wp-json\/wp\/v2\/media?parent=1748"}],"wp:term":[{"taxonomy":"category","embeddable":true,"href":"http:\/\/zapnax.com\/pt\/wp-json\/wp\/v2\/categories?post=1748"},{"taxonomy":"post_tag","embeddable":true,"href":"http:\/\/zapnax.com\/pt\/wp-json\/wp\/v2\/tags?post=1748"}],"curies":[{"name":"wp","href":"https:\/\/api.w.org\/{rel}","templated":true}]}}